{"id":9987,"date":"2026-04-05T08:53:27","date_gmt":"2026-04-05T06:53:27","guid":{"rendered":"https:\/\/www.productospersonalizados.es\/blog\/?p=9987"},"modified":"2026-04-05T08:53:28","modified_gmt":"2026-04-05T06:53:28","slug":"mejores-productos-personalizados-verano","status":"publish","type":"post","link":"https:\/\/www.productospersonalizados.es\/blog\/mejores-productos-personalizados-verano\/","title":{"rendered":"Los Mejores Productos Personalizados para este Verano: Todo lo que tu Organizaci\u00f3n Necesita Saber (y Encargar ya)"},"content":{"rendered":"\n<p>Hay organizaciones que llegan al verano con su <strong>merchandising listo<\/strong>, sus <strong>productos personalizados<\/strong> en el almac\u00e9n y una <strong>estrategia clara para cada evento<\/strong>. Y hay organizaciones que llegan corriendo, encargando con prisas, aceptando lo que hay disponible y pagando m\u00e1s por menos.<\/p>\n\n\n\n<p>Este post est\u00e1 escrito para que pertenezcas al primer grupo.<\/p>\n\n\n\n<p>Si gestionas la <strong>comunicaci\u00f3n, el marketing o los eventos<\/strong> de una empresa, una ONG, una fundaci\u00f3n, una asociaci\u00f3n o un partido pol\u00edtico, lo que viene a continuaci\u00f3n te va a <strong>ahorrar tiempo, dinero y m\u00e1s de un dolor de cabeza<\/strong>. Porque el verano no espera, los eventos tampoco, y el <strong>merchandising personalizado<\/strong> que marca la diferencia no se fabrica de un d\u00eda para otro.<\/p>\n\n\n\n<p>Vamos al grano.<\/p>\n\n\n\n<p>.<\/p>\n\n\n\n<figure class=\"wp-block-image size-large\"><a href=\"https:\/\/www.productospersonalizados.es\/blog\/wp-content\/uploads\/2026\/04\/merchan-para-verano-empresas.png\"><img loading=\"lazy\" width=\"1024\" height=\"572\" src=\"https:\/\/www.productospersonalizados.es\/blog\/wp-content\/uploads\/2026\/04\/merchan-para-verano-empresas-1024x572.png\" alt=\"\" class=\"wp-image-9992\" srcset=\"https:\/\/www.productospersonalizados.es\/blog\/wp-content\/uploads\/2026\/04\/merchan-para-verano-empresas-1024x572.png 1024w, https:\/\/www.productospersonalizados.es\/blog\/wp-content\/uploads\/2026\/04\/merchan-para-verano-empresas-300x167.png 300w, https:\/\/www.productospersonalizados.es\/blog\/wp-content\/uploads\/2026\/04\/merchan-para-verano-empresas-768x429.png 768w, https:\/\/www.productospersonalizados.es\/blog\/wp-content\/uploads\/2026\/04\/merchan-para-verano-empresas-624x348.png 624w, https:\/\/www.productospersonalizados.es\/blog\/wp-content\/uploads\/2026\/04\/merchan-para-verano-empresas.png 1376w\" sizes=\"(max-width: 1024px) 100vw, 1024px\" \/><\/a><\/figure>\n\n\n\n<p>.<\/p>\n\n\n\n<div id=\"ez-toc-container\" class=\"ez-toc-v2_0_63 counter-hierarchy ez-toc-counter ez-toc-grey ez-toc-container-direction\">\n<div class=\"ez-toc-title-container\">\n<p class=\"ez-toc-title \" >Tabla de contenidos<\/p>\n<span class=\"ez-toc-title-toggle\"><a href=\"#\" class=\"ez-toc-pull-right ez-toc-btn ez-toc-btn-xs ez-toc-btn-default ez-toc-toggle\" aria-label=\"Toggle Table of Content\"><span class=\"ez-toc-js-icon-con\"><span class=\"\"><span class=\"eztoc-hide\" style=\"display:none;\">Toggle<\/span><span class=\"ez-toc-icon-toggle-span\"><svg style=\"fill: #999;color:#999\" xmlns=\"http:\/\/www.w3.org\/2000\/svg\" class=\"list-377408\" width=\"20px\" height=\"20px\" viewBox=\"0 0 24 24\" fill=\"none\"><path d=\"M6 6H4v2h2V6zm14 0H8v2h12V6zM4 11h2v2H4v-2zm16 0H8v2h12v-2zM4 16h2v2H4v-2zm16 0H8v2h12v-2z\" fill=\"currentColor\"><\/path><\/svg><svg style=\"fill: #999;color:#999\" class=\"arrow-unsorted-368013\" xmlns=\"http:\/\/www.w3.org\/2000\/svg\" width=\"10px\" height=\"10px\" viewBox=\"0 0 24 24\" version=\"1.2\" baseProfile=\"tiny\"><path d=\"M18.2 9.3l-6.2-6.3-6.2 6.3c-.2.2-.3.4-.3.7s.1.5.3.7c.2.2.4.3.7.3h11c.3 0 .5-.1.7-.3.2-.2.3-.5.3-.7s-.1-.5-.3-.7zM5.8 14.7l6.2 6.3 6.2-6.3c.2-.2.3-.5.3-.7s-.1-.5-.3-.7c-.2-.2-.4-.3-.7-.3h-11c-.3 0-.5.1-.7.3-.2.2-.3.5-.3.7s.1.5.3.7z\"\/><\/svg><\/span><\/span><\/span><\/a><\/span><\/div>\n<nav><ul class='ez-toc-list ez-toc-list-level-1 ' ><li class='ez-toc-page-1 ez-toc-heading-level-2'><a class=\"ez-toc-link ez-toc-heading-1\" href=\"https:\/\/www.productospersonalizados.es\/blog\/mejores-productos-personalizados-verano\/#Por_que_el_verano_es_la_temporada_dorada_del_merchandising_personalizado_%E2%80%94_y_por_que_muchas_organizaciones_la_desaprovechan\" title=\"Por qu\u00e9 el verano es la temporada dorada del merchandising personalizado \u2014 y por qu\u00e9 muchas organizaciones la desaprovechan\">Por qu\u00e9 el verano es la temporada dorada del merchandising personalizado \u2014 y por qu\u00e9 muchas organizaciones la desaprovechan<\/a><ul class='ez-toc-list-level-3' ><li class='ez-toc-heading-level-3'><a class=\"ez-toc-link ez-toc-heading-2\" href=\"https:\/\/www.productospersonalizados.es\/blog\/mejores-productos-personalizados-verano\/#Productos_promocionales_para_verano\" title=\"Productos promocionales para verano\">Productos promocionales para verano<\/a><ul class='ez-toc-list-level-4' ><li class='ez-toc-heading-level-4'><a class=\"ez-toc-link ez-toc-heading-3\" href=\"https:\/\/www.productospersonalizados.es\/blog\/mejores-productos-personalizados-verano\/#Bolsas_de_tela_personalizadas\" title=\"\n            Bolsas de tela personalizadas\n          \">\n            Bolsas de tela personalizadas\n          <\/a><\/li><li class='ez-toc-page-1 ez-toc-heading-level-4'><a class=\"ez-toc-link ez-toc-heading-4\" href=\"https:\/\/www.productospersonalizados.es\/blog\/mejores-productos-personalizados-verano\/#Abanicos_personalizados\" title=\"\n            Abanicos personalizados\n          \">\n            Abanicos personalizados\n          <\/a><\/li><li class='ez-toc-page-1 ez-toc-heading-level-4'><a class=\"ez-toc-link ez-toc-heading-5\" href=\"https:\/\/www.productospersonalizados.es\/blog\/mejores-productos-personalizados-verano\/#Brujulas_personalizadas\" title=\"\n            Br\u00fajulas personalizadas\n          \">\n            Br\u00fajulas personalizadas\n          <\/a><\/li><li class='ez-toc-page-1 ez-toc-heading-level-4'><a class=\"ez-toc-link ez-toc-heading-6\" href=\"https:\/\/www.productospersonalizados.es\/blog\/mejores-productos-personalizados-verano\/#Parasol_coche_personalizado\" title=\"\n            Parasol coche personalizado\n          \">\n            Parasol coche personalizado\n          <\/a><\/li><li class='ez-toc-page-1 ez-toc-heading-level-4'><a class=\"ez-toc-link ez-toc-heading-7\" href=\"https:\/\/www.productospersonalizados.es\/blog\/mejores-productos-personalizados-verano\/#Sombrillas_personalizadas\" title=\"\n            Sombrillas personalizadas\n          \">\n            Sombrillas personalizadas\n          <\/a><\/li><li class='ez-toc-page-1 ez-toc-heading-level-4'><a class=\"ez-toc-link ez-toc-heading-8\" href=\"https:\/\/www.productospersonalizados.es\/blog\/mejores-productos-personalizados-verano\/#Palas_de_playa_personalizadas\" title=\"\n            Palas de playa personalizadas\n          \">\n            Palas de playa personalizadas\n          <\/a><\/li><\/ul><\/li><\/ul><\/li><li class='ez-toc-page-1 ez-toc-heading-level-2'><a class=\"ez-toc-link ez-toc-heading-9\" href=\"https:\/\/www.productospersonalizados.es\/blog\/mejores-productos-personalizados-verano\/#Ferias_comerciales_en_verano_el_escenario_mas_competitivo_el_que_mas_premia_al_que_llega_preparado\" title=\"Ferias comerciales en verano: el escenario m\u00e1s competitivo, el que m\u00e1s premia al que llega preparado\">Ferias comerciales en verano: el escenario m\u00e1s competitivo, el que m\u00e1s premia al que llega preparado<\/a><\/li><li class='ez-toc-page-1 ez-toc-heading-level-2'><a class=\"ez-toc-link ez-toc-heading-10\" href=\"https:\/\/www.productospersonalizados.es\/blog\/mejores-productos-personalizados-verano\/#Campamentos_colonias_y_actividades_juveniles_cuando_el_merchandising_se_convierte_en_recuerdo_de_por_vida\" title=\"Campamentos, colonias y actividades juveniles: cuando el merchandising se convierte en recuerdo de por vida\">Campamentos, colonias y actividades juveniles: cuando el merchandising se convierte en recuerdo de por vida<\/a><ul class='ez-toc-list-level-3' ><li class='ez-toc-heading-level-3'><a class=\"ez-toc-link ez-toc-heading-11\" href=\"https:\/\/www.productospersonalizados.es\/blog\/mejores-productos-personalizados-verano\/#Ropa_personalizada_destacada\" title=\"Ropa personalizada destacada\">Ropa personalizada destacada<\/a><ul class='ez-toc-list-level-4' ><li class='ez-toc-heading-level-4'><a class=\"ez-toc-link ez-toc-heading-12\" href=\"https:\/\/www.productospersonalizados.es\/blog\/mejores-productos-personalizados-verano\/#Camisetas_personalizadas\" title=\"\n            Camisetas personalizadas\n          \">\n            Camisetas personalizadas\n          <\/a><\/li><li class='ez-toc-page-1 ez-toc-heading-level-4'><a class=\"ez-toc-link ez-toc-heading-13\" href=\"https:\/\/www.productospersonalizados.es\/blog\/mejores-productos-personalizados-verano\/#Polos_personalizados\" title=\"\n            Polos personalizados\n          \">\n            Polos personalizados\n          <\/a><\/li><li class='ez-toc-page-1 ez-toc-heading-level-4'><a class=\"ez-toc-link ez-toc-heading-14\" href=\"https:\/\/www.productospersonalizados.es\/blog\/mejores-productos-personalizados-verano\/#Sudaderas_personalizadas\" title=\"\n            Sudaderas personalizadas\n          \">\n            Sudaderas personalizadas\n          <\/a><\/li><li class='ez-toc-page-1 ez-toc-heading-level-4'><a class=\"ez-toc-link ez-toc-heading-15\" href=\"https:\/\/www.productospersonalizados.es\/blog\/mejores-productos-personalizados-verano\/#Chaquetas_personalizadas\" title=\"\n            Chaquetas personalizadas\n          \">\n            Chaquetas personalizadas\n          <\/a><\/li><li class='ez-toc-page-1 ez-toc-heading-level-4'><a class=\"ez-toc-link ez-toc-heading-16\" href=\"https:\/\/www.productospersonalizados.es\/blog\/mejores-productos-personalizados-verano\/#Chalecos_personalizados\" title=\"\n            Chalecos personalizados\n          \">\n            Chalecos personalizados\n          <\/a><\/li><\/ul><\/li><\/ul><\/li><li class='ez-toc-page-1 ez-toc-heading-level-2'><a class=\"ez-toc-link ez-toc-heading-17\" href=\"https:\/\/www.productospersonalizados.es\/blog\/mejores-productos-personalizados-verano\/#Eventos_sociales_culturales_y_politicos_cuando_el_merchandising_lleva_un_mensaje\" title=\"Eventos sociales, culturales y pol\u00edticos: cuando el merchandising lleva un mensaje\">Eventos sociales, culturales y pol\u00edticos: cuando el merchandising lleva un mensaje<\/a><\/li><li class='ez-toc-page-1 ez-toc-heading-level-2'><a class=\"ez-toc-link ez-toc-heading-18\" href=\"https:\/\/www.productospersonalizados.es\/blog\/mejores-productos-personalizados-verano\/#Sector_turistico_y_agencias_de_viajes_el_regalo_que_viaja_con_tu_cliente\" title=\"Sector tur\u00edstico y agencias de viajes: el regalo que viaja con tu cliente\">Sector tur\u00edstico y agencias de viajes: el regalo que viaja con tu cliente<\/a><\/li><li class='ez-toc-page-1 ez-toc-heading-level-2'><a class=\"ez-toc-link ez-toc-heading-19\" href=\"https:\/\/www.productospersonalizados.es\/blog\/mejores-productos-personalizados-verano\/#Las_5_preguntas_que_debes_hacerte_antes_de_encargar_tu_merchandising_de_verano\" title=\"Las 5 preguntas que debes hacerte antes de encargar tu merchandising de verano\">Las 5 preguntas que debes hacerte antes de encargar tu merchandising de verano<\/a><\/li><li class='ez-toc-page-1 ez-toc-heading-level-2'><a class=\"ez-toc-link ez-toc-heading-20\" href=\"https:\/\/www.productospersonalizados.es\/blog\/mejores-productos-personalizados-verano\/#Conclusion_El_verano_no_espera_Tu_merchandising_tampoco_deberia\" title=\"Conclusi\u00f3n: El verano no espera. Tu merchandising tampoco deber\u00eda\">Conclusi\u00f3n: El verano no espera. Tu merchandising tampoco deber\u00eda<\/a><\/li><\/ul><\/nav><\/div>\n<h2><span class=\"ez-toc-section\" id=\"Por_que_el_verano_es_la_temporada_dorada_del_merchandising_personalizado_%E2%80%94_y_por_que_muchas_organizaciones_la_desaprovechan\"><\/span>Por qu\u00e9 el verano es la temporada dorada del merchandising personalizado \u2014 y por qu\u00e9 muchas organizaciones la desaprovechan<span class=\"ez-toc-section-end\"><\/span><\/h2>\n\n\n\n<p>El verano concentra m\u00e1s <strong>eventos, m\u00e1s personas al aire libre, m\u00e1s interacciones cara a cara<\/strong> y m\u00e1s oportunidades de dejar huella que cualquier otra \u00e9poca del a\u00f1o. Ferias comerciales, campamentos, festivales, jornadas de puertas abiertas, actos pol\u00edticos, actividades de asociaciones, viajes de empresa, eventos solidarios\u2026 Todo pasa en verano. Todo es una oportunidad.<\/p>\n\n\n\n<p>Y sin embargo, muchas organizaciones llegan a esos momentos con un <strong>producto gen\u00e9rico, mal planificado<\/strong> o directamente sin nada que entregar. El resultado es una <strong>ocasi\u00f3n perdida<\/strong> de construir marca, fidelizar a su p\u00fablico y diferenciarse de quienes compiten por la misma atenci\u00f3n.<\/p>\n\n\n\n<p>La buena noticia es que con la <strong>planificaci\u00f3n adecuada y los productos correctos<\/strong>, el merchandising de verano puede ser una de las <strong>inversiones m\u00e1s rentables<\/strong> que hagas en todo el a\u00f1o. No hablamos de gastar m\u00e1s: hablamos de <strong>gastar bien<\/strong>.<\/p>\n\n\n\n<p>Aqu\u00ed tienes c\u00f3mo hacerlo.<\/p>\n\n\n\n<p>.<\/p>\n\n\n\n<div class=\"pp-carousel-wrap\">\n  <div class=\"pp-carousel-header\">\n    <h3><span class=\"ez-toc-section\" id=\"Productos_promocionales_para_verano\"><\/span>Productos promocionales para verano<span class=\"ez-toc-section-end\"><\/span><\/h3>\n    <p>Ideas \u00fatiles para eventos, regalos de empresa y campa\u00f1as de marca.<\/p>\n  <\/div>\n\n  <div class=\"pp-carousel-shell\">\n    <button class=\"pp-carousel-arrow pp-arrow-left\" aria-label=\"Ver productos anteriores\">&#10094;<\/button>\n\n    <div class=\"pp-carousel-track\" id=\"ppCarouselTrack\">\n\n      <!-- BOLSAS -->\n      <article class=\"pp-card\">\n        <a class=\"pp-card-image\" href=\"https:\/\/www.productospersonalizados.es\/bolsas-de-tela-personalizadas\/\" aria-label=\"Ver bolsas de tela personalizadas\">\n          <div class=\"pp-svg-wrap\">\n            <svg viewBox=\"0 0 220 160\" class=\"pp-svg\" role=\"img\" aria-label=\"Bolsa de tela personalizada\">\n              <rect x=\"55\" y=\"42\" width=\"110\" height=\"88\" rx=\"8\" fill=\"#f8fafc\" stroke=\"#cbd5e1\" stroke-width=\"4\"\/>\n              <path d=\"M78 48c0-18 11-30 32-30s32 12 32 30\" fill=\"none\" stroke=\"#94a3b8\" stroke-width=\"6\" stroke-linecap=\"round\"\/>\n              <rect x=\"84\" y=\"68\" width=\"52\" height=\"20\" rx=\"4\" fill=\"#3399FF\" opacity=\"0.16\"\/>\n              <text x=\"110\" y=\"82\" text-anchor=\"middle\" font-size=\"12\" fill=\"#3399FF\" font-family=\"Arial\" font-weight=\"700\">LOGO<\/text>\n            <\/svg>\n          <\/div>\n        <\/a>\n        <div class=\"pp-card-body\">\n          <h4 class=\"pp-card-title\"><span class=\"ez-toc-section\" id=\"Bolsas_de_tela_personalizadas\"><\/span>\n            <a href=\"https:\/\/www.productospersonalizados.es\/bolsas-de-tela-personalizadas\/\">Bolsas de tela personalizadas<\/a>\n          <span class=\"ez-toc-section-end\"><\/span><\/h4>\n          <div class=\"pp-card-price\">Desde 0,90 \u20ac<\/div>\n          <ul class=\"pp-card-features\">\n            <li>Muy \u00fatiles en ferias y eventos<\/li>\n            <li>Buen espacio para marca<\/li>\n            <li>Uso diario real<\/li>\n          <\/ul>\n        <\/div>\n        <div class=\"pp-card-footer\">\n          <a class=\"pp-card-btn\" href=\"https:\/\/www.productospersonalizados.es\/bolsas-de-tela-personalizadas\/\">Ver producto<\/a>\n        <\/div>\n      <\/article>\n\n      <!-- ABANICOS -->\n      <article class=\"pp-card\">\n        <a class=\"pp-card-image\" href=\"https:\/\/www.productospersonalizados.es\/abanicos-personalizados\/\" aria-label=\"Ver abanicos personalizados\">\n          <div class=\"pp-svg-wrap\">\n            <svg viewBox=\"0 0 220 160\" class=\"pp-svg\" role=\"img\" aria-label=\"Abanico personalizado\">\n              <g transform=\"translate(110 116)\">\n                <path d=\"M0 0 L-70 -22 A80 80 0 0 1 70 -22 Z\" fill=\"#e0f2fe\" stroke=\"#94a3b8\" stroke-width=\"3\"\/>\n                <line x1=\"0\" y1=\"0\" x2=\"-56\" y2=\"-28\" stroke=\"#94a3b8\" stroke-width=\"2\"\/>\n                <line x1=\"0\" y1=\"0\" x2=\"-37\" y2=\"-33\" stroke=\"#94a3b8\" stroke-width=\"2\"\/>\n                <line x1=\"0\" y1=\"0\" x2=\"-18\" y2=\"-36\" stroke=\"#94a3b8\" stroke-width=\"2\"\/>\n                <line x1=\"0\" y1=\"0\" x2=\"0\" y2=\"-38\" stroke=\"#94a3b8\" stroke-width=\"2\"\/>\n                <line x1=\"0\" y1=\"0\" x2=\"18\" y2=\"-36\" stroke=\"#94a3b8\" stroke-width=\"2\"\/>\n                <line x1=\"0\" y1=\"0\" x2=\"37\" y2=\"-33\" stroke=\"#94a3b8\" stroke-width=\"2\"\/>\n                <line x1=\"0\" y1=\"0\" x2=\"56\" y2=\"-28\" stroke=\"#94a3b8\" stroke-width=\"2\"\/>\n                <circle cx=\"0\" cy=\"0\" r=\"5\" fill=\"#3399FF\"\/>\n              <\/g>\n            <\/svg>\n          <\/div>\n        <\/a>\n        <div class=\"pp-card-body\">\n          <h4 class=\"pp-card-title\"><span class=\"ez-toc-section\" id=\"Abanicos_personalizados\"><\/span>\n            <a href=\"https:\/\/www.productospersonalizados.es\/abanicos-personalizados\/\">Abanicos personalizados<\/a>\n          <span class=\"ez-toc-section-end\"><\/span><\/h4>\n          <div class=\"pp-card-price\">Desde 1,20 \u20ac<\/div>\n          <ul class=\"pp-card-features\">\n            <li>Muy buenos para verano<\/li>\n            <li>Llaman mucho la atenci\u00f3n<\/li>\n            <li>F\u00e1ciles de repartir<\/li>\n          <\/ul>\n        <\/div>\n        <div class=\"pp-card-footer\">\n          <a class=\"pp-card-btn\" href=\"https:\/\/www.productospersonalizados.es\/abanicos-personalizados\/\">Ver producto<\/a>\n        <\/div>\n      <\/article>\n\n      <!-- BR\u00daJULA -->\n      <article class=\"pp-card\">\n        <a class=\"pp-card-image\" href=\"https:\/\/www.productospersonalizados.es\/brujula-personalizada\/\" aria-label=\"Ver br\u00fajulas personalizadas\">\n          <div class=\"pp-svg-wrap\">\n            <svg viewBox=\"0 0 220 160\" class=\"pp-svg\" role=\"img\" aria-label=\"Br\u00fajula personalizada\">\n              <circle cx=\"110\" cy=\"80\" r=\"46\" fill=\"#f8fafc\" stroke=\"#94a3b8\" stroke-width=\"5\"\/>\n              <circle cx=\"110\" cy=\"80\" r=\"34\" fill=\"#ffffff\" stroke=\"#cbd5e1\" stroke-width=\"2\"\/>\n              <polygon points=\"110,42 120,80 110,118 100,80\" fill=\"#3399FF\"\/>\n              <polygon points=\"110,118 120,80 110,42 100,80\" fill=\"#dbeafe\"\/>\n              <text x=\"110\" y=\"28\" text-anchor=\"middle\" font-size=\"12\" fill=\"#64748b\" font-family=\"Arial\" font-weight=\"700\">N<\/text>\n              <text x=\"110\" y=\"144\" text-anchor=\"middle\" font-size=\"12\" fill=\"#64748b\" font-family=\"Arial\" font-weight=\"700\">S<\/text>\n              <text x=\"54\" y=\"84\" text-anchor=\"middle\" font-size=\"12\" fill=\"#64748b\" font-family=\"Arial\" font-weight=\"700\">W<\/text>\n              <text x=\"166\" y=\"84\" text-anchor=\"middle\" font-size=\"12\" fill=\"#64748b\" font-family=\"Arial\" font-weight=\"700\">E<\/text>\n            <\/svg>\n          <\/div>\n        <\/a>\n        <div class=\"pp-card-body\">\n          <h4 class=\"pp-card-title\"><span class=\"ez-toc-section\" id=\"Brujulas_personalizadas\"><\/span>\n            <a href=\"https:\/\/www.productospersonalizados.es\/brujula-personalizada\/\">Br\u00fajulas personalizadas<\/a>\n          <span class=\"ez-toc-section-end\"><\/span><\/h4>\n          <div class=\"pp-card-price\">Desde 2,80 \u20ac<\/div>\n          <ul class=\"pp-card-features\">\n            <li>Regalo distinto<\/li>\n            <li>Muy buena para outdoor<\/li>\n            <li>Da un toque m\u00e1s original<\/li>\n          <\/ul>\n        <\/div>\n        <div class=\"pp-card-footer\">\n          <a class=\"pp-card-btn\" href=\"https:\/\/www.productospersonalizados.es\/brujula-personalizada\/\">Ver producto<\/a>\n        <\/div>\n      <\/article>\n\n      <!-- PARASOL COCHE -->\n      <article class=\"pp-card\">\n        <a class=\"pp-card-image\" href=\"https:\/\/www.productospersonalizados.es\/parasol-coche-personalizado\/\" aria-label=\"Ver parasoles de coche personalizados\">\n          <div class=\"pp-svg-wrap\">\n            <svg viewBox=\"0 0 220 160\" class=\"pp-svg\" role=\"img\" aria-label=\"Parasol coche personalizado\">\n              <rect x=\"36\" y=\"44\" width=\"148\" height=\"62\" rx=\"10\" fill=\"#e0f2fe\" stroke=\"#94a3b8\" stroke-width=\"4\"\/>\n              <path d=\"M72 106 L66 124\" stroke=\"#94a3b8\" stroke-width=\"4\" stroke-linecap=\"round\"\/>\n              <path d=\"M148 106 L154 124\" stroke=\"#94a3b8\" stroke-width=\"4\" stroke-linecap=\"round\"\/>\n              <circle cx=\"82\" cy=\"74\" r=\"12\" fill=\"#fbbf24\"\/>\n              <g stroke=\"#fbbf24\" stroke-width=\"3\" stroke-linecap=\"round\">\n                <line x1=\"82\" y1=\"54\" x2=\"82\" y2=\"46\"\/>\n                <line x1=\"82\" y1=\"102\" x2=\"82\" y2=\"94\"\/>\n                <line x1=\"62\" y1=\"74\" x2=\"54\" y2=\"74\"\/>\n                <line x1=\"110\" y1=\"74\" x2=\"102\" y2=\"74\"\/>\n                <line x1=\"68\" y1=\"60\" x2=\"62\" y2=\"54\"\/>\n                <line x1=\"96\" y1=\"88\" x2=\"102\" y2=\"94\"\/>\n                <line x1=\"96\" y1=\"60\" x2=\"102\" y2=\"54\"\/>\n                <line x1=\"68\" y1=\"88\" x2=\"62\" y2=\"94\"\/>\n              <\/g>\n              <rect x=\"118\" y=\"62\" width=\"42\" height=\"18\" rx=\"4\" fill=\"#3399FF\" opacity=\"0.16\"\/>\n              <text x=\"139\" y=\"75\" text-anchor=\"middle\" font-size=\"11\" fill=\"#3399FF\" font-family=\"Arial\" font-weight=\"700\">MARCA<\/text>\n            <\/svg>\n          <\/div>\n        <\/a>\n        <div class=\"pp-card-body\">\n          <h4 class=\"pp-card-title\"><span class=\"ez-toc-section\" id=\"Parasol_coche_personalizado\"><\/span>\n            <a href=\"https:\/\/www.productospersonalizados.es\/parasol-coche-personalizado\/\">Parasol coche personalizado<\/a>\n          <span class=\"ez-toc-section-end\"><\/span><\/h4>\n          <div class=\"pp-card-price\">Desde 2,20 \u20ac<\/div>\n          <ul class=\"pp-card-features\">\n            <li>Gran zona de impresi\u00f3n<\/li>\n            <li>Muy visible<\/li>\n            <li>Uso frecuente en verano<\/li>\n          <\/ul>\n        <\/div>\n        <div class=\"pp-card-footer\">\n          <a class=\"pp-card-btn\" href=\"https:\/\/www.productospersonalizados.es\/parasol-coche-personalizado\/\">Ver producto<\/a>\n        <\/div>\n      <\/article>\n\n      <!-- SOMBRILLA -->\n      <article class=\"pp-card\">\n        <a class=\"pp-card-image\" href=\"https:\/\/www.productospersonalizados.es\/sombrilla-personalizada\/\" aria-label=\"Ver sombrillas personalizadas\">\n          <div class=\"pp-svg-wrap\">\n            <svg viewBox=\"0 0 220 160\" class=\"pp-svg\" role=\"img\" aria-label=\"Sombrilla personalizada\">\n              <path d=\"M52 74 Q110 24 168 74 Z\" fill=\"#dbeafe\" stroke=\"#94a3b8\" stroke-width=\"4\"\/>\n              <path d=\"M110 74 L110 128\" stroke=\"#94a3b8\" stroke-width=\"4\" stroke-linecap=\"round\"\/>\n              <path d=\"M110 128 q0 14 12 14\" fill=\"none\" stroke=\"#94a3b8\" stroke-width=\"4\" stroke-linecap=\"round\"\/>\n              <line x1=\"82\" y1=\"74\" x2=\"82\" y2=\"58\" stroke=\"#94a3b8\" stroke-width=\"2\"\/>\n              <line x1=\"110\" y1=\"74\" x2=\"110\" y2=\"50\" stroke=\"#94a3b8\" stroke-width=\"2\"\/>\n              <line x1=\"138\" y1=\"74\" x2=\"138\" y2=\"58\" stroke=\"#94a3b8\" stroke-width=\"2\"\/>\n              <rect x=\"92\" y=\"48\" width=\"36\" height=\"14\" rx=\"4\" fill=\"#3399FF\" opacity=\"0.16\"\/>\n              <text x=\"110\" y=\"58\" text-anchor=\"middle\" font-size=\"10\" fill=\"#3399FF\" font-family=\"Arial\" font-weight=\"700\">LOGO<\/text>\n            <\/svg>\n          <\/div>\n        <\/a>\n        <div class=\"pp-card-body\">\n          <h4 class=\"pp-card-title\"><span class=\"ez-toc-section\" id=\"Sombrillas_personalizadas\"><\/span>\n            <a href=\"https:\/\/www.productospersonalizados.es\/sombrilla-personalizada\/\">Sombrillas personalizadas<\/a>\n          <span class=\"ez-toc-section-end\"><\/span><\/h4>\n          <div class=\"pp-card-price\">Desde 8,90 \u20ac<\/div>\n          <ul class=\"pp-card-features\">\n            <li>Formato m\u00e1s grande<\/li>\n            <li>Muy buena presencia visual<\/li>\n            <li>Ideal para playa y exterior<\/li>\n          <\/ul>\n        <\/div>\n        <div class=\"pp-card-footer\">\n          <a class=\"pp-card-btn\" href=\"https:\/\/www.productospersonalizados.es\/sombrilla-personalizada\/\">Ver producto<\/a>\n        <\/div>\n      <\/article>\n\n      <!-- PALAS DE PLAYA -->\n      <article class=\"pp-card\">\n        <a class=\"pp-card-image\" href=\"https:\/\/www.productospersonalizados.es\/palas-de-playa-personalizadas\/\" aria-label=\"Ver palas de playa personalizadas\">\n          <div class=\"pp-svg-wrap\">\n            <svg viewBox=\"0 0 220 160\" class=\"pp-svg\" role=\"img\" aria-label=\"Palas de playa personalizadas\">\n              <g transform=\"rotate(-18 86 78)\">\n                <rect x=\"58\" y=\"42\" width=\"56\" height=\"68\" rx=\"12\" fill=\"#dbeafe\" stroke=\"#94a3b8\" stroke-width=\"4\"\/>\n                <rect x=\"78\" y=\"108\" width=\"16\" height=\"28\" rx=\"6\" fill=\"#cbd5e1\" stroke=\"#94a3b8\" stroke-width=\"3\"\/>\n              <\/g>\n              <g transform=\"rotate(18 134 82)\">\n                <rect x=\"106\" y=\"46\" width=\"56\" height=\"68\" rx=\"12\" fill=\"#e0f2fe\" stroke=\"#94a3b8\" stroke-width=\"4\"\/>\n                <rect x=\"126\" y=\"112\" width=\"16\" height=\"28\" rx=\"6\" fill=\"#cbd5e1\" stroke=\"#94a3b8\" stroke-width=\"3\"\/>\n              <\/g>\n              <circle cx=\"110\" cy=\"84\" r=\"8\" fill=\"#fbbf24\" stroke=\"#f59e0b\" stroke-width=\"3\"\/>\n            <\/svg>\n          <\/div>\n        <\/a>\n        <div class=\"pp-card-body\">\n          <h4 class=\"pp-card-title\"><span class=\"ez-toc-section\" id=\"Palas_de_playa_personalizadas\"><\/span>\n            <a href=\"https:\/\/www.productospersonalizados.es\/palas-de-playa-personalizadas\/\">Palas de playa personalizadas<\/a>\n          <span class=\"ez-toc-section-end\"><\/span><\/h4>\n          <div class=\"pp-card-price\">Desde 4,90 \u20ac<\/div>\n          <ul class=\"pp-card-features\">\n            <li>Muy llamativas<\/li>\n            <li>Buenas para verano y ocio<\/li>\n            <li>Producto con uso real<\/li>\n          <\/ul>\n        <\/div>\n        <div class=\"pp-card-footer\">\n          <a class=\"pp-card-btn\" href=\"https:\/\/www.productospersonalizados.es\/palas-de-playa-personalizadas\/\">Ver producto<\/a>\n        <\/div>\n      <\/article>\n\n    <\/div>\n\n    <button class=\"pp-carousel-arrow pp-arrow-right\" aria-label=\"Ver m\u00e1s productos\">&#10095;<\/button>\n  <\/div>\n<\/div>\n\n<style>\n  .pp-carousel-wrap{\n    max-width:780px;\n    margin:32px auto;\n    font-family:Arial,sans-serif;\n  }\n\n  .pp-carousel-header{\n    text-align:left;\n    margin-bottom:16px;\n  }\n\n  .pp-carousel-header h3{\n    margin:0 0 6px;\n    font-size:24px;\n    line-height:1.25;\n    color:#1f2937;\n  }\n\n  .pp-carousel-header p{\n    margin:0;\n    color:#6b7280;\n    font-size:15px;\n    line-height:1.5;\n  }\n\n  .pp-carousel-shell{\n    position:relative;\n  }\n\n  .pp-carousel-track{\n    display:flex;\n    gap:18px;\n    overflow-x:auto;\n    scroll-behavior:smooth;\n    padding:6px 2px 12px;\n    scrollbar-width:none;\n  }\n\n  .pp-carousel-track::-webkit-scrollbar{\n    display:none;\n  }\n\n  .pp-card{\n    flex:0 0 calc((100% - 36px)\/3);\n    min-width:230px;\n    background:#fff;\n    border:1px solid #e5e7eb;\n    border-radius:14px;\n    box-shadow:0 6px 18px rgba(0,0,0,.06);\n    display:flex;\n    flex-direction:column;\n    overflow:hidden;\n  }\n\n  .pp-card-image{\n    display:flex;\n    align-items:center;\n    justify-content:center;\n    background:#ffffff;\n    height:180px;\n    padding:14px;\n    border-bottom:1px solid #eef2f7;\n    text-decoration:none;\n  }\n\n  .pp-svg-wrap{\n    width:100%;\n    height:100%;\n    display:flex;\n    align-items:center;\n    justify-content:center;\n    background:#fff;\n  }\n\n  .pp-svg{\n    width:100%;\n    height:100%;\n    max-width:190px;\n    max-height:140px;\n    display:block;\n  }\n\n  .pp-card-body{\n    padding:16px 16px 8px;\n    display:flex;\n    flex-direction:column;\n  }\n\n  .pp-card-title{\n    margin:0 0 10px;\n    font-size:18px;\n    line-height:1.3;\n    min-height:46px;\n  }\n\n  .pp-card-title a{\n    color:#1f2937;\n    text-decoration:none;\n  }\n\n  .pp-card-title a:hover{\n    color:#3399FF;\n  }\n\n  .pp-card-price{\n    font-size:22px;\n    font-weight:700;\n    color:#3399FF;\n    margin-bottom:12px;\n  }\n\n  .pp-card-features{\n    margin:0;\n    padding-left:18px;\n    color:#4b5563;\n    font-size:14px;\n    line-height:1.55;\n    min-height:92px;\n  }\n\n  .pp-card-features li{\n    margin-bottom:6px;\n  }\n\n  .pp-card-footer{\n    margin-top:auto;\n    padding:16px;\n    display:flex;\n    align-items:flex-end;\n  }\n\n  .pp-card-btn{\n    width:100%;\n    text-align:center;\n    background:#3399FF;\n    color:#ffffff !important;\n    text-decoration:none;\n    font-size:15px;\n    font-weight:700;\n    padding:12px 14px;\n    border-radius:10px;\n    transition:transform .2s ease, box-shadow .2s ease, background .2s ease;\n    box-shadow:0 8px 18px rgba(51,153,255,.22);\n    display:inline-block;\n  }\n\n  .pp-card-btn:hover{\n    background:#1f8cff;\n    transform:translateY(-1px);\n  }\n\n  .pp-carousel-arrow{\n    position:absolute;\n    top:42%;\n    transform:translateY(-50%);\n    width:40px;\n    height:40px;\n    border:0;\n    border-radius:50%;\n    background:#ffffff;\n    box-shadow:0 4px 12px rgba(0,0,0,.15);\n    color:#3399FF;\n    font-size:22px;\n    line-height:1;\n    cursor:pointer;\n    z-index:2;\n  }\n\n  .pp-arrow-left{\n    left:-14px;\n  }\n\n  .pp-arrow-right{\n    right:-14px;\n  }\n\n  @media (max-width:767px){\n    .pp-card{\n      flex:0 0 78%;\n      min-width:78%;\n    }\n\n    .pp-carousel-arrow{\n      display:none;\n    }\n\n    .pp-carousel-header h3{\n      font-size:21px;\n    }\n  }\n<\/style>\n\n<script>\n(function(){\n  const track = document.getElementById('ppCarouselTrack');\n  if(!track) return;\n\n  const leftBtn = document.querySelector('.pp-arrow-left');\n  const rightBtn = document.querySelector('.pp-arrow-right');\n\n  function getScrollAmount(){\n    const card = track.querySelector('.pp-card');\n    if(!card) return 260;\n    return card.offsetWidth + 18;\n  }\n\n  if(leftBtn){\n    leftBtn.addEventListener('click', function(){\n      track.scrollBy({ left: -getScrollAmount(), behavior: 'smooth' });\n    });\n  }\n\n  if(rightBtn){\n    rightBtn.addEventListener('click', function(){\n      track.scrollBy({ left: getScrollAmount(), behavior: 'smooth' });\n    });\n  }\n})();\n<\/script>\n\n\n\n<h2><span class=\"ez-toc-section\" id=\"Ferias_comerciales_en_verano_el_escenario_mas_competitivo_el_que_mas_premia_al_que_llega_preparado\"><\/span>Ferias comerciales en verano: el escenario m\u00e1s competitivo, el que m\u00e1s premia al que llega preparado<span class=\"ez-toc-section-end\"><\/span><\/h2>\n\n\n\n<p>En una <strong>feria comercial estival<\/strong>, tu stand compite con decenas de otros stands. El visitante camina, recoge materiales, sonr\u00ede, sigue caminando. Al final del d\u00eda, cuando llega a casa, abre la bolsa y empieza a cribar. Lo que no tiene <strong>valor real<\/strong> acaba en la papelera. Lo que es <strong>\u00fatil, bonito o sorprendente<\/strong>, se queda.<\/p>\n\n\n\n<p>Esa criba es el verdadero momento de la verdad del merchandising en ferias. \u00bfQu\u00e9 productos superan ese filtro? Te vamos a recomendar los mejores <strong>productos promocionales para ferias<\/strong><\/p>\n\n\n\n<p><strong><a rel=\"noreferrer noopener\" href=\"https:\/\/www.productospersonalizados.es\/bolsas-de-tela-personalizadas\/\" target=\"_blank\">La bolsa de tela personalizada<\/a> que se convierte en la bolsa del evento.<\/strong> Cuando entregas una bolsa de tela resistente y bien dise\u00f1ada al inicio de la visita, algo m\u00e1gico ocurre: el visitante la usa para guardar todo lo que recoge en el resto de la feria. <strong>Tu logo viaja con \u00e9l durante horas<\/strong>, visible para todos los que cruzan su camino. Y cuando llega a casa, la bolsa se queda porque es <strong>\u00fatil de verdad<\/strong>. Las empresas del sector agroalimentario, distribuidoras, agencias de marketing y firmas industriales que participan en ferias especializadas lo saben bien.<\/p>\n\n\n\n<p>.<\/p>\n\n\n\n<p><strong><a rel=\"noreferrer noopener\" href=\"https:\/\/www.productospersonalizados.es\/abanicos-personalizados\/\" target=\"_blank\">El abanico personalizado<\/a>: publicidad que se activa en el momento m\u00e1s inoportuno para tu competencia.<\/strong> Suena parad\u00f3jico, pero el calor es tu aliado. Cuando la temperatura aprieta y tu stand entrega <strong>abanicos personalizados<\/strong>, la gente los usa de inmediato. Tu logo se mueve, llama la atenci\u00f3n, genera conversaci\u00f3n. Es <strong>publicidad en movimiento<\/strong> con un <strong>coste unitario rid\u00edculo<\/strong>. Para el sector tur\u00edstico, la hosteler\u00eda, las ferias gastron\u00f3micas o cualquier evento en exterior, el abanico es uno de los productos con <strong>mejor ratio coste-impacto<\/strong> que existen.<\/p>\n\n\n\n<p>.<\/p>\n\n\n\n<p><strong><a rel=\"noreferrer noopener\" href=\"https:\/\/www.productospersonalizados.es\/botellas-personalizadas\/\" target=\"_blank\">La botella t\u00e9rmica personalizada<\/a>: el regalo que nadie tira.<\/strong> Una <strong>botella de acero inoxidable o de Tritan<\/strong> con tu logo no es un regalo de feria al uso. Es un <strong>objeto de uso diario<\/strong> que el receptor va a tener en la mesa, en la mochila, en el gimnasio. Cada vez que la use, te recordar\u00e1. Para fundaciones con <strong>discurso de sostenibilidad<\/strong>, empresas con <strong>pol\u00edticas de RSC activas<\/strong> o asociaciones ecologistas, la botella personalizada no es solo un producto: es una <strong>declaraci\u00f3n de valores coherente<\/strong>.<\/p>\n\n\n\n<p>.<\/p>\n\n\n\n<p><strong>Libretas y bol\u00edgrafos de calidad: el d\u00fao que diferencia a los profesionales.<\/strong> En ferias de negocios, congresos de verano y <strong>encuentros B2B<\/strong>, la libreta de tapa dura con espiral y el bol\u00edgrafo con mecanismo suave transmiten exactamente lo que quieres transmitir: <strong>profesionalidad, atenci\u00f3n al detalle, seriedad<\/strong>. Consultoras, despachos, asociaciones empresariales y c\u00e1maras de comercio los usan por una raz\u00f3n muy simple: funcionan.<\/p>\n\n\n\n<p>.<\/p>\n\n\n\n<h2><span class=\"ez-toc-section\" id=\"Campamentos_colonias_y_actividades_juveniles_cuando_el_merchandising_se_convierte_en_recuerdo_de_por_vida\"><\/span>Campamentos, colonias y actividades juveniles: cuando el merchandising se convierte en recuerdo de por vida<span class=\"ez-toc-section-end\"><\/span><\/h2>\n\n\n\n<p>Hay una diferencia fundamental entre el merchandising corporativo y el <strong>merchandising para actividades con j\u00f3venes<\/strong>. En el primer caso, el objetivo principal es <strong>visibilidad de marca<\/strong>. En el segundo, el objetivo es crear un <strong>sentido de pertenencia<\/strong>, una identidad compartida, un <strong>recuerdo emocional que dura a\u00f1os<\/strong>.<\/p>\n\n\n\n<p>Las fundaciones educativas, las asociaciones scouts, los patronatos municipales, las empresas de ocio educativo y las entidades deportivas que trabajan con j\u00f3venes en verano lo saben: el merchandising aqu\u00ed tiene una <strong>carga afectiva<\/strong> que no tiene en ning\u00fan otro contexto. Aqu\u00ed destaca en erspecial todo el <strong>merchandising para eventos al aire libre<\/strong><\/p>\n\n\n\n<p>.<\/p>\n\n\n\n<p><strong><a rel=\"noreferrer noopener\" href=\"https:\/\/www.productospersonalizados.es\/camiseta-personalizada\/\" target=\"_blank\">La camiseta personalizada<\/a>: m\u00e1s que ropa, es identidad.<\/strong> Cuando un grupo lleva la misma camiseta con el nombre del campamento, el a\u00f1o y un dise\u00f1o que les gusta de verdad, algo cambia en la din\u00e1mica del grupo. Se sienten <strong>parte de algo<\/strong>. La camiseta se convierte en el uniforme de la aventura, y muchos la guardar\u00e1n durante a\u00f1os como recuerdo. La <strong>calidad del tejido, el corte y la t\u00e9cnica de personalizaci\u00f3n<\/strong> \u2014serigraf\u00eda, DTF, bordado\u2014 marcan la diferencia entre una camiseta que se usa y una que acaba en el fondo del caj\u00f3n.<\/p>\n\n\n\n<p>.<\/p>\n\n\n\n<p><strong><a rel=\"noreferrer noopener\" href=\"https:\/\/www.productospersonalizados.es\/gorra-personalizada\/\" target=\"_blank\">La gorra personalizada<\/a>: funcional, identificativa y con un punto de estilo.<\/strong> Las actividades al aire libre en verano tienen un enemigo constante: el sol. La <strong>gorra personalizada<\/strong> lo combate mientras identifica al grupo. Para campamentos en la naturaleza, escuelas de deportes de verano, asociaciones de senderismo o actividades de playa, es uno de los <strong>mejores productos personalizados para regalar en verano<\/strong>. El <strong>bordado<\/strong> da una imagen premium; la <strong>impresi\u00f3n<\/strong>, una soluci\u00f3n m\u00e1s econ\u00f3mica para grandes tiradas.<\/p>\n\n\n\n<p>.<\/p>\n\n\n\n<p><strong>La mochila o ri\u00f1onera personalizada: el regalo que viaja con ellos mucho despu\u00e9s del campamento.<\/strong> Si quieres que un participante recuerde tu organizaci\u00f3n durante a\u00f1os, dale algo que use todos los d\u00edas. Una mochila bien fabricada, con un dise\u00f1o atractivo y la personalizaci\u00f3n en el lugar justo, es exactamente eso. Fundaciones que trabajan con <strong>colectivos vulnerables<\/strong>, <strong>programas de becas<\/strong> o iniciativas de integraci\u00f3n social utilizan el <strong>kit de bienvenida<\/strong> \u2014del que la mochila es la pieza central\u2014 como una herramienta de <strong>impacto emocional real<\/strong>.<\/p>\n\n\n\n<p>Queremos destacar la <a href=\"https:\/\/www.productospersonalizados.es\/ropa-personalizada\/\" target=\"_blank\" rel=\"noreferrer noopener\">ropa personalizada para eventos corporativos<\/a> como un must que no falla nunca<\/p>\n\n\n\n<p>.<\/p>\n\n\n\n<div class=\"pp-carousel-wrap\">\n  <div class=\"pp-carousel-header\">\n    <h3><span class=\"ez-toc-section\" id=\"Ropa_personalizada_destacada\"><\/span>Ropa personalizada destacada<span class=\"ez-toc-section-end\"><\/span><\/h3>\n    <p>Productos textiles para empresa, eventos y acciones promocionales.<\/p>\n  <\/div>\n\n  <div class=\"pp-carousel-shell\">\n    <button class=\"pp-carousel-arrow pp-arrow-left\" aria-label=\"Ver productos anteriores\">\n      &#10094;\n    <\/button>\n\n    <div class=\"pp-carousel-track\" id=\"ppCarouselTrack\">\n\n      <!-- CARD 1 -->\n      <article class=\"pp-card\">\n        <a class=\"pp-card-image\" href=\"https:\/\/www.productospersonalizados.es\/camiseta-personalizada\/\" aria-label=\"Ver camisetas personalizadas\">\n          <img src=\"https:\/\/cdn-icons-png.flaticon.com\/512\/892\/892458.png\" alt=\"Camiseta personalizada\">\n        <\/a>\n        <div class=\"pp-card-body\">\n          <h4 class=\"pp-card-title\"><span class=\"ez-toc-section\" id=\"Camisetas_personalizadas\"><\/span>\n            <a href=\"https:\/\/www.productospersonalizados.es\/camiseta-personalizada\/\">Camisetas personalizadas<\/a>\n          <span class=\"ez-toc-section-end\"><\/span><\/h4>\n          <div class=\"pp-card-price\">Desde 2,95 \u20ac<\/div>\n          <ul class=\"pp-card-features\">\n            <li>Muy usadas en promociones<\/li>\n            <li>Varias tallas y colores<\/li>\n            <li>Buen espacio para logo<\/li>\n          <\/ul>\n        <\/div>\n        <div class=\"pp-card-footer\">\n          <a class=\"pp-card-btn\" href=\"https:\/\/www.productospersonalizados.es\/camiseta-personalizada\/\">Ver producto<\/a>\n        <\/div>\n      <\/article>\n\n      <!-- CARD 2 -->\n      <article class=\"pp-card\">\n        <a class=\"pp-card-image\" href=\"https:\/\/www.productospersonalizados.es\/polos-personalizados\/\" aria-label=\"Ver polos personalizados\">\n          <img src=\"https:\/\/cdn-icons-png.flaticon.com\/512\/1785\/1785374.png\" alt=\"Polo personalizado\">\n        <\/a>\n        <div class=\"pp-card-body\">\n          <h4 class=\"pp-card-title\"><span class=\"ez-toc-section\" id=\"Polos_personalizados\"><\/span>\n            <a href=\"https:\/\/www.productospersonalizados.es\/polos-personalizados\/\">Polos personalizados<\/a>\n          <span class=\"ez-toc-section-end\"><\/span><\/h4>\n          <div class=\"pp-card-price\">Desde 6,40 \u20ac<\/div>\n          <ul class=\"pp-card-features\">\n            <li>Imagen m\u00e1s profesional<\/li>\n            <li>Muy buenos para equipos<\/li>\n            <li>Acabado limpio y serio<\/li>\n          <\/ul>\n        <\/div>\n        <div class=\"pp-card-footer\">\n          <a class=\"pp-card-btn\" href=\"https:\/\/www.productospersonalizados.es\/polos-personalizados\/\">Ver producto<\/a>\n        <\/div>\n      <\/article>\n\n      <!-- CARD 3 -->\n      <article class=\"pp-card\">\n        <a class=\"pp-card-image\" href=\"https:\/\/www.productospersonalizados.es\/sudaderas-personalizadas\/\" aria-label=\"Ver sudaderas personalizadas\">\n          <img src=\"https:\/\/cdn-icons-png.flaticon.com\/512\/1674\/1674291.png\" alt=\"Sudadera personalizada\">\n        <\/a>\n        <div class=\"pp-card-body\">\n          <h4 class=\"pp-card-title\"><span class=\"ez-toc-section\" id=\"Sudaderas_personalizadas\"><\/span>\n            <a href=\"https:\/\/www.productospersonalizados.es\/sudaderas-personalizadas\/\">Sudaderas personalizadas<\/a>\n          <span class=\"ez-toc-section-end\"><\/span><\/h4>\n          <div class=\"pp-card-price\">Desde 9,90 \u20ac<\/div>\n          <ul class=\"pp-card-features\">\n            <li>Muy buenas para oto\u00f1o<\/li>\n            <li>M\u00e1s superficie visible<\/li>\n            <li>Opci\u00f3n c\u00f3moda y \u00fatil<\/li>\n          <\/ul>\n        <\/div>\n        <div class=\"pp-card-footer\">\n          <a class=\"pp-card-btn\" href=\"https:\/\/www.productospersonalizados.es\/sudaderas-personalizadas\/\">Ver producto<\/a>\n        <\/div>\n      <\/article>\n\n      <!-- CARD 4 -->\n      <article class=\"pp-card\">\n        <a class=\"pp-card-image\" href=\"https:\/\/www.productospersonalizados.es\/chaquetas-personalizadas\/\" aria-label=\"Ver chaquetas personalizadas\">\n          <img src=\"https:\/\/cdn-icons-png.flaticon.com\/512\/2589\/2589890.png\" alt=\"Chaqueta personalizada\">\n        <\/a>\n        <div class=\"pp-card-body\">\n          <h4 class=\"pp-card-title\"><span class=\"ez-toc-section\" id=\"Chaquetas_personalizadas\"><\/span>\n            <a href=\"https:\/\/www.productospersonalizados.es\/chaquetas-personalizadas\/\">Chaquetas personalizadas<\/a>\n          <span class=\"ez-toc-section-end\"><\/span><\/h4>\n          <div class=\"pp-card-price\">Desde 14,50 \u20ac<\/div>\n          <ul class=\"pp-card-features\">\n            <li>Opci\u00f3n m\u00e1s premium<\/li>\n            <li>Muy buenas para trabajo<\/li>\n            <li>Imagen fuerte de marca<\/li>\n          <\/ul>\n        <\/div>\n        <div class=\"pp-card-footer\">\n          <a class=\"pp-card-btn\" href=\"https:\/\/www.productospersonalizados.es\/chaquetas-personalizadas\/\">Ver producto<\/a>\n        <\/div>\n      <\/article>\n\n      <!-- CARD 5 -->\n      <article class=\"pp-card\">\n        <a class=\"pp-card-image\" href=\"https:\/\/www.productospersonalizados.es\/chalecos-personalizados\/\" aria-label=\"Ver chalecos personalizados\">\n          <img src=\"https:\/\/cdn-icons-png.flaticon.com\/512\/891\/891462.png\" alt=\"Chaleco personalizado\">\n        <\/a>\n        <div class=\"pp-card-body\">\n          <h4 class=\"pp-card-title\"><span class=\"ez-toc-section\" id=\"Chalecos_personalizados\"><\/span>\n            <a href=\"https:\/\/www.productospersonalizados.es\/chalecos-personalizados\/\">Chalecos personalizados<\/a>\n          <span class=\"ez-toc-section-end\"><\/span><\/h4>\n          <div class=\"pp-card-price\">Desde 5,80 \u20ac<\/div>\n          <ul class=\"pp-card-features\">\n            <li>Muy \u00fatiles en eventos<\/li>\n            <li>Pr\u00e1cticos y visibles<\/li>\n            <li>Buena relaci\u00f3n coste uso<\/li>\n          <\/ul>\n        <\/div>\n        <div class=\"pp-card-footer\">\n          <a class=\"pp-card-btn\" href=\"https:\/\/www.productospersonalizados.es\/chalecos-personalizados\/\">Ver producto<\/a>\n        <\/div>\n      <\/article>\n\n    <\/div>\n\n    <button class=\"pp-carousel-arrow pp-arrow-right\" aria-label=\"Ver m\u00e1s productos\">\n      &#10095;\n    <\/button>\n  <\/div>\n<\/div>\n\n<style>\n  .pp-carousel-wrap{\n    max-width: 780px;\n    margin: 32px auto;\n    font-family: Arial, sans-serif;\n  }\n\n  .pp-carousel-header{\n    text-align: left;\n    margin-bottom: 16px;\n  }\n\n  .pp-carousel-header h3{\n    margin: 0 0 6px;\n    font-size: 24px;\n    line-height: 1.25;\n    color: #1f2937;\n  }\n\n  .pp-carousel-header p{\n    margin: 0;\n    font-size: 15px;\n    line-height: 1.5;\n    color: #6b7280;\n  }\n\n  .pp-carousel-shell{\n    position: relative;\n  }\n\n  .pp-carousel-track{\n    display: flex;\n    gap: 18px;\n    overflow-x: auto;\n    scroll-behavior: smooth;\n    padding: 6px 2px 12px;\n    scrollbar-width: none;\n  }\n\n  .pp-carousel-track::-webkit-scrollbar{\n    display: none;\n  }\n\n  .pp-card{\n    flex: 0 0 calc((100% - 36px) \/ 3);\n    min-width: 230px;\n    background: #fff;\n    border: 1px solid #e5e7eb;\n    border-radius: 14px;\n    box-shadow: 0 6px 18px rgba(0,0,0,.06);\n    display: flex;\n    flex-direction: column;\n    overflow: hidden;\n  }\n\n  .pp-card-image{\n    display: flex;\n    align-items: center;\n    justify-content: center;\n    background: #ffffff;\n    height: 180px;\n    padding: 18px;\n    border-bottom: 1px solid #eef2f7;\n  }\n\n  .pp-card-image img{\n    max-width: 100%;\n    max-height: 100%;\n    object-fit: contain;\n    display: block;\n  }\n\n  .pp-card-body{\n    padding: 16px 16px 8px;\n    display: flex;\n    flex-direction: column;\n  }\n\n  .pp-card-title{\n    margin: 0 0 10px;\n    font-size: 18px;\n    line-height: 1.3;\n    min-height: 46px;\n  }\n\n  .pp-card-title a{\n    color: #1f2937;\n    text-decoration: none;\n  }\n\n  .pp-card-title a:hover{\n    color: #3399FF;\n  }\n\n  .pp-card-price{\n    font-size: 22px;\n    font-weight: 700;\n    color: #3399FF;\n    margin-bottom: 12px;\n  }\n\n  .pp-card-features{\n    margin: 0;\n    padding-left: 18px;\n    color: #4b5563;\n    font-size: 14px;\n    line-height: 1.55;\n    min-height: 92px;\n  }\n\n  .pp-card-features li{\n    margin-bottom: 6px;\n  }\n\n  .pp-card-footer{\n    margin-top: auto;\n    padding: 16px;\n    display: flex;\n    align-items: flex-end;\n  }\n\n  .pp-card-btn{\n    width: 100%;\n    text-align: center;\n    background: #3399FF;\n    color: #ffffff !important;\n    text-decoration: none;\n    font-size: 15px;\n    font-weight: 700;\n    padding: 12px 14px;\n    border-radius: 10px;\n    transition: transform .2s ease, box-shadow .2s ease, background .2s ease;\n    box-shadow: 0 8px 18px rgba(51,153,255,.22);\n    display: inline-block;\n  }\n\n  .pp-card-btn:hover{\n    background: #1f8cff;\n    transform: translateY(-1px);\n  }\n\n  .pp-carousel-arrow{\n    position: absolute;\n    top: 42%;\n    transform: translateY(-50%);\n    width: 40px;\n    height: 40px;\n    border: 0;\n    border-radius: 50%;\n    background: #ffffff;\n    box-shadow: 0 4px 12px rgba(0,0,0,.15);\n    color: #3399FF;\n    font-size: 22px;\n    line-height: 1;\n    cursor: pointer;\n    z-index: 2;\n  }\n\n  .pp-arrow-left{\n    left: -14px;\n  }\n\n  .pp-arrow-right{\n    right: -14px;\n  }\n\n  @media (max-width: 767px){\n    .pp-card{\n      flex: 0 0 78%;\n      min-width: 78%;\n    }\n\n    .pp-carousel-arrow{\n      display: none;\n    }\n\n    .pp-carousel-header h3{\n      font-size: 21px;\n    }\n  }\n<\/style>\n\n<script>\n  (function(){\n    const track = document.getElementById('ppCarouselTrack');\n    if(!track) return;\n\n    const leftBtn = document.querySelector('.pp-arrow-left');\n    const rightBtn = document.querySelector('.pp-arrow-right');\n\n    function getScrollAmount(){\n      const card = track.querySelector('.pp-card');\n      if(!card) return 260;\n      const gap = 18;\n      return card.offsetWidth + gap;\n    }\n\n    if(leftBtn){\n      leftBtn.addEventListener('click', function(){\n        track.scrollBy({ left: -getScrollAmount(), behavior: 'smooth' });\n      });\n    }\n\n    if(rightBtn){\n      rightBtn.addEventListener('click', function(){\n        track.scrollBy({ left: getScrollAmount(), behavior: 'smooth' });\n      });\n    }\n  })();\n<\/script>\n\n\n\n<h2><span class=\"ez-toc-section\" id=\"Eventos_sociales_culturales_y_politicos_cuando_el_merchandising_lleva_un_mensaje\"><\/span>Eventos sociales, culturales y pol\u00edticos: cuando el merchandising lleva un mensaje<span class=\"ez-toc-section-end\"><\/span><\/h2>\n\n\n\n<p>El verano es tambi\u00e9n temporada de <strong>actos p\u00fablicos, festivales culturales, manifestaciones ciudadanas y campa\u00f1a pol\u00edtica<\/strong>. En estos contextos, el merchandising no es solo imagen de marca: es <strong>movilizaci\u00f3n, adhesi\u00f3n, mensaje<\/strong>.<\/p>\n\n\n\n<p>.<\/p>\n\n\n\n<p><strong>La camiseta de campa\u00f1a que la gente quiere llevar.<\/strong> En pol\u00edtica y en activismo social, la camiseta con el <strong>slogan de campa\u00f1a<\/strong> es uno de los soportes m\u00e1s potentes que existen. Pero hay una trampa en la que caen muchas organizaciones: producir <strong>camisetas de baja calidad<\/strong> que nadie quiere ponerse en su tiempo libre. Una camiseta c\u00f3moda, bien cortada, con un dise\u00f1o que va m\u00e1s all\u00e1 del logo y el a\u00f1o, tiene muchas m\u00e1s posibilidades de ser usada en <strong>contextos cotidianos, multiplicando el impacto por diez<\/strong>.<\/p>\n\n\n\n<p>.<\/p>\n\n\n\n<p><strong>Banderas, pancartas y banderolas con sublimaci\u00f3n, es decir, <a href=\"https:\/\/www.productospersonalizados.es\/productos-de-animacion-personalizada\/\" target=\"_blank\" rel=\"noreferrer noopener\">productos de animaci\u00f3n<\/a> para cualquier evento que se precie: visibilidad que no se decolora.<\/strong> Para m\u00edtines, concentraciones, presentaciones institucionales y <strong>actos p\u00fablicos al aire libre<\/strong>, el material textil de se\u00f1alizaci\u00f3n es indispensable. La <strong>impresi\u00f3n sublimada en tela<\/strong> mantiene colores vivos incluso bajo el sol m\u00e1s intenso del verano y aguanta mucho m\u00e1s que los materiales pl\u00e1sticos o vin\u00edlicos. Una inversi\u00f3n que <strong>se amortiza durante varios eventos<\/strong>.<\/p>\n\n\n\n<p>.<\/p>\n\n\n\n<p><strong><a href=\"https:\/\/www.productospersonalizados.es\/sombrilla-personalizada\/\" target=\"_blank\" rel=\"noreferrer noopener\">La sombrilla personalizada<\/a>: el soporte publicitario que da sombra y da que hablar.<\/strong> En un acto al aire libre en pleno agosto, quien tiene sombrilla tiene p\u00fablico. La <strong>sombrilla personalizada<\/strong> ofrece una <strong>visibilidad excepcional<\/strong> \u2014se ve desde lejos, se fotograf\u00eda, aparece en v\u00eddeos\u2014 y al mismo tiempo presta un servicio real y muy apreciado a los asistentes.<\/p>\n\n\n\n<p>.<\/p>\n\n\n\n<h2><span class=\"ez-toc-section\" id=\"Sector_turistico_y_agencias_de_viajes_el_regalo_que_viaja_con_tu_cliente\"><\/span>Sector tur\u00edstico y agencias de viajes: el regalo que viaja con tu cliente<span class=\"ez-toc-section-end\"><\/span><\/h2>\n\n\n\n<p>Las <strong>agencias de viajes y operadores tur\u00edsticos<\/strong> viven su gran momento en verano. Y tambi\u00e9n se juegan en esta temporada una parte importante de su <strong>reputaci\u00f3n y capacidad de fidelizaci\u00f3n<\/strong>. El cliente que se va de viaje con un <strong>kit personalizado de la agencia<\/strong> no se siente un n\u00famero m\u00e1s en una base de datos: se siente cuidado.<\/p>\n\n\n\n<p>.<\/p>\n\n\n\n<p>Un <strong>organizador de viaje de tela<\/strong> \u2014con compartimentos para el pasaporte, las tarjetas de embarque y los documentos del hotel\u2014 con el logo de la agencia bordado es un objeto que el cliente va a usar durante <strong>a\u00f1os en todos sus viajes<\/strong>. La <strong>toalla de microfibra personalizada<\/strong>, ligera y de secado r\u00e1pido, es otro cl\u00e1sico que funciona: viaja bien, se usa en la playa o la piscina y tiene una superficie de impresi\u00f3n generosa.<\/p>\n\n\n\n<p>.<\/p>\n\n\n\n<p>Para agencias que trabajan con <strong>grupos<\/strong> \u2014viajes de empresa, viajes de fin de curso, grupos de asociaciones o colectivos\u2014 el <strong>kit de viaje personalizado coordinado<\/strong> puede marcar la diferencia: bolsa, toalla, botella y organizador, todo con la misma paleta de color e identidad visual. El resultado es una <strong>experiencia de marca<\/strong> que empieza antes incluso de coger el avi\u00f3n.<\/p>\n\n\n\n<p>.<\/p>\n\n\n\n<h2><span class=\"ez-toc-section\" id=\"Las_5_preguntas_que_debes_hacerte_antes_de_encargar_tu_merchandising_de_verano\"><\/span>Las 5 preguntas que debes hacerte antes de encargar tu merchandising de verano<span class=\"ez-toc-section-end\"><\/span><\/h2>\n\n\n\n<p>Antes de dar el paso, responde estas cinco preguntas con honestidad. Te evitar\u00e1n errores costosos:<\/p>\n\n\n\n<ul style=\"font-size:18px\"><li><strong>\u00bfCu\u00e1l es el contexto exacto de uso?<\/strong> Un producto para una feria interior climatizada no es el mismo que para una actividad de playa a 35 grados. El entorno determina materiales, tama\u00f1os y funciones.<\/li><li><strong>\u00bfQui\u00e9n lo va a recibir y c\u00f3mo lo va a usar?<\/strong> No es lo mismo dise\u00f1ar para un directivo en un congreso que para un adolescente en un campamento. Imagina al receptor usando el producto antes de encargarlo.<\/li><li><strong>\u00bfQu\u00e9 quiero que recuerde de nosotros?<\/strong> Cada producto env\u00eda un mensaje sobre tu organizaci\u00f3n. La <strong>calidad habla, el dise\u00f1o habla, los materiales hablan<\/strong>. Aseg\u00farate de que lo que dicen es coherente con lo que quieres transmitir.<\/li><li><strong>\u00bfCu\u00e1nto tiempo real tengo?<\/strong> Los plazos de producci\u00f3n de <strong>merchandising personalizado de calidad<\/strong> rara vez son inferiores a dos o tres semanas, y en temporada alta pueden alargarse. Si tu evento es en julio, <strong>el momento de encargar es ahora<\/strong>.<\/li><li><strong>\u00bfEstoy calculando bien el coste real por impacto?<\/strong> Un objeto de 0,50 \u20ac que nadie usa tiene un coste real infinito: cero impactos. Un objeto de 8 \u20ac que alguien usa 300 veces al a\u00f1o es una de las <strong>inversiones de comunicaci\u00f3n m\u00e1s baratas<\/strong> que existen. Piensa en <strong>coste por impresi\u00f3n<\/strong>, no en precio por unidad.<\/li><\/ul>\n\n\n\n<p>.<\/p>\n\n\n\n<h2><span class=\"ez-toc-section\" id=\"Conclusion_El_verano_no_espera_Tu_merchandising_tampoco_deberia\"><\/span>Conclusi\u00f3n: El verano no espera. Tu merchandising tampoco deber\u00eda<span class=\"ez-toc-section-end\"><\/span><\/h2>\n\n\n\n<p>Las organizaciones que mejor aprovechan el verano como oportunidad de marca no son necesariamente las que tienen <strong>m\u00e1s presupuesto<\/strong>. Son las que <strong>planifican antes, eligen mejor<\/strong> y entienden que un producto personalizado bien pensado puede hacer m\u00e1s por su imagen y su relaci\u00f3n con su p\u00fablico que muchas otras acciones de comunicaci\u00f3n juntas.<\/p>\n\n\n\n<p>Ya seas una <strong>empresa que participa en ferias sectoriales<\/strong>, una <strong>fundaci\u00f3n que organiza campamentos<\/strong>, un <strong>partido pol\u00edtico con agenda estival intensa<\/strong>, una <strong>asociaci\u00f3n cultural con eventos en agosto<\/strong> o una <strong>agencia de viajes que quiere diferenciarse<\/strong> en la temporada m\u00e1s competitiva del a\u00f1o: tienes una oportunidad delante. La pregunta no es si hacer <strong>merchandising personalizado para verano<\/strong>. La pregunta es cu\u00e1l, cu\u00e1ndo y con qui\u00e9n.<\/p>\n\n\n\n<p>.<\/p>\n\n\n\n<p>Si quieres <strong>asesoramiento personalizado sin compromiso<\/strong>, cu\u00e9ntanos qu\u00e9 tipo de evento o actividad tienes por delante y qu\u00e9 imagen quieres proyectar. Te ayudamos a encontrar el producto perfecto, en el plazo que necesitas y con la calidad que tu organizaci\u00f3n merece.<\/p>\n\n\n\n<p><strong>Porque el merchandising que marca la diferencia no se improvisa. Se planifica. Y el mejor momento para empezar es hoy.<\/strong><\/p>\n\n\n\n<p>.<\/p>\n\n\n\n<p><em>\u00bfTienes un evento de verano en el horizonte? Escr\u00edbenos y te preparamos una propuesta a medida sin compromiso.<\/em><\/p>\n\n\n\n<p><\/p>\n","protected":false},"excerpt":{"rendered":"<p>Descubre los mejores productos personalizados para verano: desde ferias y campamentos hasta eventos pol\u00edticos y viajes de empresa. Gu\u00eda pr\u00e1ctica para organizaciones que quieren merchandising que funciona de verdad<\/p>\n","protected":false},"author":2,"featured_media":9992,"comment_status":"closed","ping_status":"open","sticky":false,"template":"","format":"standard","meta":[],"categories":[56,54],"tags":[],"_links":{"self":[{"href":"https:\/\/www.productospersonalizados.es\/blog\/wp-json\/wp\/v2\/posts\/9987"}],"collection":[{"href":"https:\/\/www.productospersonalizados.es\/blog\/wp-json\/wp\/v2\/posts"}],"about":[{"href":"https:\/\/www.productospersonalizados.es\/blog\/wp-json\/wp\/v2\/types\/post"}],"author":[{"embeddable":true,"href":"https:\/\/www.productospersonalizados.es\/blog\/wp-json\/wp\/v2\/users\/2"}],"replies":[{"embeddable":true,"href":"https:\/\/www.productospersonalizados.es\/blog\/wp-json\/wp\/v2\/comments?post=9987"}],"version-history":[{"count":9,"href":"https:\/\/www.productospersonalizados.es\/blog\/wp-json\/wp\/v2\/posts\/9987\/revisions"}],"predecessor-version":[{"id":9997,"href":"https:\/\/www.productospersonalizados.es\/blog\/wp-json\/wp\/v2\/posts\/9987\/revisions\/9997"}],"wp:featuredmedia":[{"embeddable":true,"href":"https:\/\/www.productospersonalizados.es\/blog\/wp-json\/wp\/v2\/media\/9992"}],"wp:attachment":[{"href":"https:\/\/www.productospersonalizados.es\/blog\/wp-json\/wp\/v2\/media?parent=9987"}],"wp:term":[{"taxonomy":"category","embeddable":true,"href":"https:\/\/www.productospersonalizados.es\/blog\/wp-json\/wp\/v2\/categories?post=9987"},{"taxonomy":"post_tag","embeddable":true,"href":"https:\/\/www.productospersonalizados.es\/blog\/wp-json\/wp\/v2\/tags?post=9987"}],"curies":[{"name":"wp","href":"https:\/\/api.w.org\/{rel}","templated":true}]}}